{"id":10262,"date":"2015-09-21T16:29:03","date_gmt":"2015-09-21T16:29:03","guid":{"rendered":"https:\/\/comtal.org\/?p=10262"},"modified":"2015-09-21T16:34:41","modified_gmt":"2015-09-21T16:34:41","slug":"refugeeswellcome-derechos-humanos-y-integracion","status":"publish","type":"post","link":"https:\/\/comtal.org\/es\/refugeeswellcome-derechos-humanos-y-integracion\/","title":{"rendered":"#REFUGEESWELLCOME. DERECHOS Y INTEGRACI\u00d3N"},"content":{"rendered":"<p>Ante los dram\u00e1ticos acontecimientos que rodean la entrada de refugiados en Europa, la \u00a0Fundaci\u00f3 Comtal quiere compartir y ayudar a transmitir el mensaje hecho p\u00fablico por Caritas espa\u00f1ola, Justicia y Paz de Espa\u00f1a y la Confederaci\u00f3n de Religiosos de Espa\u00f1a (CONFER), y apoyado por la plataforma de entidades cristianas con los inmigrantes, que re\u00fane una veintena de organizaciones que trabajan alrededor del hecho migratorio.<\/p>\n<p>Mediante este mensaje reclaman que se revisen en profundidad las ineficientes pol\u00edticas de inmigraci\u00f3n y asilo europeas para centrarse, en vez de en el control y el miedo, en la protecci\u00f3n de las personas, los derechos humanos y la integraci\u00f3n social, estableciendo v\u00edas legales de acceso a Europa y impulsando decididamente pol\u00edticas coherentes de cooperaci\u00f3n al desarrollo y de promoci\u00f3n de la democracia y la paz en nuestro entorno y en todo el mundo.<\/p>\n<p>A la vez, hacemos un llamamiento a las instituciones y gobiernos de Catalunya, Espa\u00f1a y Europa para que pongan en marcha planes de emergencia para la acogida humanitaria de estas persones, procedentes mayoritariamente de pa\u00edses que sufren graves conflictos armados (S\u00edria, Afganist\u00e1n, Irak, Libia\u2026), conflictos a los cuales Europa no es ajena.<\/p>\n<p>Reproducimos a continuaci\u00f3n la nota Caritas Espa\u00f1ola, Justicia y Paz de Espa\u00f1a y la CONFER a la que nos adherimos \u00edntegramente:<\/p>\n<p>HACE FALTA UN CAMBIO EN LA POL\u00cdTICA MIGRATORIA. CONTROL Y MIEDO NO FUNCIONAN.<\/p>\n<p>NO a la pol\u00edtica del miedo, S\u00cd a la pol\u00edtica de la integraci\u00f3n, la acogida y el desarrollo de los pueblos.<\/p>\n<p>La brecha de la frontera este (Serbia, Grecia, Macedonia\u2026) s\u00f3lo un par de meses despu\u00e9s de la presentaci\u00f3n de la Agenda Europea de Inmigraci\u00f3n, adem\u00e1s de un saldo en vidas y en dramas humanos, ofrece un saldo de ineficiencia pol\u00edtica inaceptable en t\u00e9rminos de dignidad y defensa de los Derechos Humanos, que en nuestra sociedad no se puede permitir.<\/p>\n<p>No es solamente una crisis humanitaria. Es el estrepitoso fracaso de una pol\u00edtica mal llamada migratoria y que se reduce a un indecente y millonario control de flujos sostenidos sobre el discurso del miedo a la invasi\u00f3n del que es diferente. Los cayucos, Lampedusa, Ceuta y Melilla, la situaci\u00f3n en Serbia, Grecia o Macedonia son consecuencias estructurales de esta mala pol\u00edtica, no las causas.<\/p>\n<p>No es s\u00f3lo una crisis de refugiados. Es el resultado de la falta de pol\u00edticas coherentes que aborden la complejidad de la movilidad humana en pol\u00edtica exterior, en pol\u00edtica econ\u00f3mica, en pol\u00edticas de cooperaci\u00f3n para el desarrollo.<\/p>\n<p>Estamos hu\u00e9rfanos de una aut\u00e9ntica pol\u00edtica de emigraciones que aborde y explore de verdad v\u00edas legales de acceso a nuestro territorio, que flexibilice los criterios de reagrupamiento familiar, que haga posible la movilidad humana como una oportunidad para nuestra vieja Europa y no como un riesgo.<\/p>\n<p>No es solamente una crisis de solidaridad. Es el resultado de una ausencia de pol\u00edtica de cooperaci\u00f3n para el desarrollo que olvida que, detr\u00e1s de cada decisi\u00f3n de abandonar una casa, un trabajo, una vida, hay una causa de expulsi\u00f3n (la guerra, la falta de oportunidades, el cambio clim\u00e1tico\u2026) y personas a las que proteger.<\/p>\n<p>Es el momento de abordar el reto que, como sociedad, tenemos delante; impidiendo que estos sucesos que nos llenan de dolor y verg\u00fcenza se produzcan de forma c\u00edclica sin afrontar que la \u00fanica soluci\u00f3n propuesta, la v\u00eda de la seguridad, no es viable, ni en t\u00e9rminos de humanidad, ni en t\u00e9rminos pol\u00edticos.<\/p>\n<p>Es el momento de reconocer al otro, al distinto, no como un invasor sino como un igual con los mismos derechos, como una aportaci\u00f3n positiva a nuestra sociedad mestiza; como un hermano en dificultad para el que hay que buscar un sitio, aunque estemos m\u00e1s estrechos.<\/p>\n<p>Europa y Espa\u00f1a no pueden perder esta oportunidad para repensar sobre las pol\u00edticas desarrolladas hasta ahora, para proteger a las personas que intentan llegar a nuestro territorio, para invertir en pol\u00edticas para el desarrollo y en pol\u00edticas de integraci\u00f3n.<\/p>\n<p>Nos unimos al mensaje del Papa Francisco que en su reciente viaje a Am\u00e9rica Latina animaba a la comunidad cristiana y a toda la sociedad a no tener miedo y a pedir un cambio, \u201c\u2026un cambio real, un cambio de estructuras. Este sistema ya no se aguanta, no lo aguantan los campesinos, no lo aguantan los trabajadores, no lo aguantan las comunidades, no lo aguantan los pueblos\u2026 Y tampoco no lo aguanta la Tierra, la hermana madre tierra\u201d.<\/p>\n<p>Pedimos a los gobernantes que asuman con pro actividad el reto hist\u00f3rico de dejar de construir cercas, muros y rejas, aportando soluciones y pol\u00edticas que pongan en el centro a las personas, aportando v\u00edas de protecci\u00f3n y acogida, alternativas de desarrollo que vayan a las causas.<\/p>\n<p>Tenemos un gran reto como sociedad, dignificar como seres humanos, no s\u00f3lo haciendo un sitio en nuestra casa, sino buscando caminos nuevos para que todos podamos transitar.<\/p>\n","protected":false},"excerpt":{"rendered":"<p>Ante los dram\u00e1ticos acontecimientos que rodean la entrada de refugiados en Europa, la \u00a0Fundaci\u00f3 Comtal quiere compartir y ayudar a transmitir el mensaje hecho p\u00fablico por Caritas espa\u00f1ola, Justicia y [&hellip;]<\/p>\n","protected":false},"author":2,"featured_media":10263,"comment_status":"closed","ping_status":"closed","sticky":false,"template":"","format":"standard","meta":{"footnotes":""},"categories":[25,19,28],"tags":[35,33,34],"class_list":["post-10262","post","type-post","status-publish","format-standard","has-post-thumbnail","hentry","category-fundacioncomtal","category-general-es","category-solidaridad","tag-futur-es","tag-igualtat-es","tag-oportunitats-es"],"_links":{"self":[{"href":"https:\/\/comtal.org\/es\/wp-json\/wp\/v2\/posts\/10262","targetHints":{"allow":["GET"]}}],"collection":[{"href":"https:\/\/comtal.org\/es\/wp-json\/wp\/v2\/posts"}],"about":[{"href":"https:\/\/comtal.org\/es\/wp-json\/wp\/v2\/types\/post"}],"author":[{"embeddable":true,"href":"https:\/\/comtal.org\/es\/wp-json\/wp\/v2\/users\/2"}],"replies":[{"embeddable":true,"href":"https:\/\/comtal.org\/es\/wp-json\/wp\/v2\/comments?post=10262"}],"version-history":[{"count":2,"href":"https:\/\/comtal.org\/es\/wp-json\/wp\/v2\/posts\/10262\/revisions"}],"predecessor-version":[{"id":10269,"href":"https:\/\/comtal.org\/es\/wp-json\/wp\/v2\/posts\/10262\/revisions\/10269"}],"wp:featuredmedia":[{"embeddable":true,"href":"https:\/\/comtal.org\/es\/wp-json\/wp\/v2\/media\/10263"}],"wp:attachment":[{"href":"https:\/\/comtal.org\/es\/wp-json\/wp\/v2\/media?parent=10262"}],"wp:term":[{"taxonomy":"category","embeddable":true,"href":"https:\/\/comtal.org\/es\/wp-json\/wp\/v2\/categories?post=10262"},{"taxonomy":"post_tag","embeddable":true,"href":"https:\/\/comtal.org\/es\/wp-json\/wp\/v2\/tags?post=10262"}],"curies":[{"name":"wp","href":"https:\/\/api.w.org\/{rel}","templated":true}]}}