{"id":10257,"date":"2015-09-21T16:11:37","date_gmt":"2015-09-21T16:11:37","guid":{"rendered":"https:\/\/comtal.org\/?p=10257"},"modified":"2015-09-21T16:22:48","modified_gmt":"2015-09-21T16:22:48","slug":"un-encuentro-intergeneracional","status":"publish","type":"post","link":"https:\/\/comtal.org\/es\/un-encuentro-intergeneracional\/","title":{"rendered":"UN ENCUENTRO INTERGENERACIONAL"},"content":{"rendered":"<p>El pasado viernes 24 de julio, el grupo de j\u00f3venes del \u201cConstrueix-te\u201d ofrecimos un men\u00fa degustaci\u00f3n de mediod\u00eda a las personas mayores del centro de d\u00eda de la \u201cFundaci\u00f3 Roure\u201d. El objetivo de esta acci\u00f3n fue contribuir al bienestar de los vecinos del Casc Antic, y se llev\u00f3 a cabo gracias a la colaboraci\u00f3n de Migrastudium y de la red laboral de este distrito.<\/p>\n<p>\u2018Cuina jove per a la gent gran\u2019, una actividad original y solidaria que no s\u00f3lo favorece a la inserci\u00f3n social y laboral de los j\u00f3venes participantes a trav\u00e9s de la formaci\u00f3n y la orientaci\u00f3n profesional; tambi\u00e9n hace posible acciones comunitarias que apuestan por el intercambio generacional y el vecindario.<\/p>\n<p>As\u00ed 30 personas mayores del centro situado en la plaza Marquilles, 6 de Barcelona, pudieron probar y valorar la presentaci\u00f3n, el gusto y el servicio de todos los platos del men\u00fa degustaci\u00f3n y de verano, preparados teniendo en cuenta todos los aspectos de la dieta adecuada al colectivo de la gente mayor.<\/p>\n<p>La actividad fue un \u00e9xito rotundo, los j\u00f3venes pudieron poner en pr\u00e1ctica todo lo que hab\u00edan aprendido durante la c\u00e1psula formativa y los usuarios del centro de d\u00eda disfrutaron de un men\u00fa excepcional, y de la frescura y compa\u00f1\u00eda de los j\u00f3venes estudiantes. \u00a1Felicidades a todos!<\/p>\n<p><span class=\"responsive\"><a href=\"https:\/\/comtal.org\/wp-content\/uploads\/IMG-20150724-WA0012-3.jpg\"><img loading=\"lazy\" decoding=\"async\" class=\"alignnone size-full wp-image-10182\" src=\"https:\/\/comtal.org\/wp-content\/uploads\/IMG-20150724-WA0012-3.jpg\" alt=\"IMG-20150724-WA0012 (3)\" width=\"1280\" height=\"960\" \/><\/a><\/span><\/p>\n<div class=\"one_half\"><span class=\"responsive\"><img loading=\"lazy\" decoding=\"async\" class=\"alignnone size-full wp-image-10183\" src=\"https:\/\/comtal.org\/wp-content\/uploads\/IMG-20150724-WA0006.jpg\" alt=\"IMG-20150724-WA0006\" width=\"956\" height=\"1280\" \/><\/span><\/div>\n<div class=\"one_half last\"><span class=\"responsive\"><img loading=\"lazy\" decoding=\"async\" class=\"alignnone size-full wp-image-10185\" src=\"https:\/\/comtal.org\/wp-content\/uploads\/IMG_2272.jpg\" alt=\"IMG_2272\" width=\"2736\" height=\"3648\" \/><\/span><\/div>\n<div class=\"clear\"><\/div>\n<p>&nbsp;<\/p>\n<p>&nbsp;<\/p>\n<p>&nbsp;<\/p>\n","protected":false},"excerpt":{"rendered":"<p>El pasado viernes 24 de julio, el grupo de j\u00f3venes del \u201cConstrueix-te\u201d ofrecimos un men\u00fa degustaci\u00f3n de mediod\u00eda a las personas mayores del centro de d\u00eda de la \u201cFundaci\u00f3 Roure\u201d. [&hellip;]<\/p>\n","protected":false},"author":2,"featured_media":10260,"comment_status":"closed","ping_status":"closed","sticky":false,"template":"","format":"standard","meta":{"footnotes":""},"categories":[22,23,25,19,26,28],"tags":[33,36,34,32],"class_list":["post-10257","post","type-post","status-publish","format-standard","has-post-thumbnail","hentry","category-colaboradores","category-comunidad","category-fundacioncomtal","category-general-es","category-integracion","category-solidaridad","tag-igualtat-es","tag-joves-es","tag-oportunitats-es","tag-participacio-es"],"_links":{"self":[{"href":"https:\/\/comtal.org\/es\/wp-json\/wp\/v2\/posts\/10257","targetHints":{"allow":["GET"]}}],"collection":[{"href":"https:\/\/comtal.org\/es\/wp-json\/wp\/v2\/posts"}],"about":[{"href":"https:\/\/comtal.org\/es\/wp-json\/wp\/v2\/types\/post"}],"author":[{"embeddable":true,"href":"https:\/\/comtal.org\/es\/wp-json\/wp\/v2\/users\/2"}],"replies":[{"embeddable":true,"href":"https:\/\/comtal.org\/es\/wp-json\/wp\/v2\/comments?post=10257"}],"version-history":[{"count":3,"href":"https:\/\/comtal.org\/es\/wp-json\/wp\/v2\/posts\/10257\/revisions"}],"predecessor-version":[{"id":10261,"href":"https:\/\/comtal.org\/es\/wp-json\/wp\/v2\/posts\/10257\/revisions\/10261"}],"wp:featuredmedia":[{"embeddable":true,"href":"https:\/\/comtal.org\/es\/wp-json\/wp\/v2\/media\/10260"}],"wp:attachment":[{"href":"https:\/\/comtal.org\/es\/wp-json\/wp\/v2\/media?parent=10257"}],"wp:term":[{"taxonomy":"category","embeddable":true,"href":"https:\/\/comtal.org\/es\/wp-json\/wp\/v2\/categories?post=10257"},{"taxonomy":"post_tag","embeddable":true,"href":"https:\/\/comtal.org\/es\/wp-json\/wp\/v2\/tags?post=10257"}],"curies":[{"name":"wp","href":"https:\/\/api.w.org\/{rel}","templated":true}]}}