{"id":10041,"date":"2015-07-03T17:09:17","date_gmt":"2015-07-03T17:09:17","guid":{"rendered":"https:\/\/comtal.org\/?p=10041"},"modified":"2015-07-06T07:29:56","modified_gmt":"2015-07-06T07:29:56","slug":"solidaritat-i-aprenentatge-servei-a-les-escoles-de-la-salle","status":"publish","type":"post","link":"https:\/\/comtal.org\/es\/solidaritat-i-aprenentatge-servei-a-les-escoles-de-la-salle\/","title":{"rendered":"LA SALLE. 100% ESCOLA 100% SOLID\u00c0RIA"},"content":{"rendered":"<p>Cada vegada s\u00f3n m\u00e9s els <strong>alumnes del FAIG de 4t d\u2019ESO d&#8217;escoles La Salle<\/strong> que aposten per portar a terme serveis a la comunitat <strong>a favor de la Fundaci\u00f3 Comtal<\/strong>.<\/p>\n<div align=\"justify\"><span lang=\"ca\"><span lang=\"ca\"><strong>A La Salle Girona<\/strong>, per exemple, han celebrat <\/span><\/span>amb \u00e8xit total de participaci\u00f3 una fira solid\u00e0ria i de segona m\u00e0. La organitzaci\u00f3 de l&#8217;esdeveniment formava part del projecte d&#8217;aprenentatge i ha contat amb la participaci\u00f3 de tota la comunitat educativa i de l&#8217;AMPA. Finalment s&#8217;ha fet realitat gr\u00e0cies a l&#8217;esfor\u00e7 no nom\u00e9s dels organitzadors, sin\u00f3 tamb\u00e9 dels compradors el dia de la fira. Tots els diners recaptats s&#8217;han aconseguit gr\u00e0cies a la recollida d&#8217;objectes donats (llibres, roba, joguines, etc.) i a la seva posterior venda, aix\u00ed que el benefici social obtingut amb la fira ha estat doble, social i ambiental. Els beneficis, 456,40\u20ac!!! es destinaran a ajudar infants sense recursos ni suport familiar. I hem aconseguit reutilitzar un munt d&#8217;objectes donats.<\/div>\n<div align=\"justify\"><\/div>\n<div align=\"justify\"><strong>A La Salle Premi\u00e0<\/strong>, dos grups del FAIG han decidit col\u00b7laborar tamb\u00e9 amb nosaltres. Un d&#8217;ells va organitzar un projecte de reciclatge de c\u00e0psules Nespresso per transformar-les en pulseres, collars, anells i d&#8217;altres detalls per vendre. Despr\u00e9s van fer un mercadet a l&#8217;escola i van fer-nos donaci\u00f3 de tots els diners recaptats, que es destinaran tamb\u00e9 als programes de suport als m\u00e9s vulnerables. L&#8217;altre grup de l&#8217;escola va col\u00b7laborar recollint joguines i material escolar que ens van donar i que ara organitzarem gr\u00e0cies als alumnes d&#8217;APS d&#8217;una altre escola molt propera, La Salle Comtal.<\/div>\n<div align=\"justify\"><\/div>\n<div align=\"justify\"><strong>A La Salle Comtal<\/strong> els alumnes han col\u00b7laborat al llarg de tot el curs ajudant-nos a organitzar les diferents campanyes de sensibilitzaci\u00f3 social que organitzem. Com la de Nadal. Cada any fem una recollida de material escolar, joguines i aliments per destinar als infants i les fam\u00edlies que atenem i cada any La Salle Comtal hi col\u00b7labora fent donaci\u00f3 de material. Aquest vegada, per\u00f2, hem aconseguit gr\u00e0cies als alumnes d&#8217;APS rebre suport en la recollida, organitzaci\u00f3 i embalatge de tot el material.<\/div>\n<div align=\"justify\"><\/div>\n<div align=\"justify\">I encara hi ha m\u00e9s escoles que col\u00b7laboren en aquest marc. Els alumnes de <strong>La Salle Bonanova<\/strong>, per segon any consecutiu, ha participat fent refor\u00e7 educatiu en horari extraescolar per ajudar als m\u00e9s petits amillorar el seu rendiment escolar. L&#8217;any passat va ser en el marc de les TIC que un grup d&#8217;alumnes hi va col\u00b7laborar.<\/div>\n<div align=\"justify\"><\/div>\n<div align=\"justify\">Gr\u00e0cies a tots els alumnes i coordinadors d&#8217;APS de les escoles per fer-nos bategar!<\/div>\n","protected":false},"excerpt":{"rendered":"<p>Cada vegada s\u00f3n m\u00e9s els alumnes del FAIG de 4t d\u2019ESO d&#8217;escoles La Salle que aposten per portar a terme serveis a la comunitat a favor de la Fundaci\u00f3 Comtal. [&hellip;]<\/p>\n","protected":false},"author":2,"featured_media":10042,"comment_status":"closed","ping_status":"closed","sticky":false,"template":"","format":"standard","meta":{"footnotes":""},"categories":[15,12,3,1,37,5,14],"tags":[6,7,13],"class_list":["post-10041","post","type-post","status-publish","format-standard","has-post-thumbnail","hentry","category-collaboradors","category-comunitat","category-fundaciocomtal","category-general","category-la-salle","category-solidaritat","category-voluntariat","tag-igualtat","tag-oportunitats","tag-participacio"],"_links":{"self":[{"href":"https:\/\/comtal.org\/es\/wp-json\/wp\/v2\/posts\/10041","targetHints":{"allow":["GET"]}}],"collection":[{"href":"https:\/\/comtal.org\/es\/wp-json\/wp\/v2\/posts"}],"about":[{"href":"https:\/\/comtal.org\/es\/wp-json\/wp\/v2\/types\/post"}],"author":[{"embeddable":true,"href":"https:\/\/comtal.org\/es\/wp-json\/wp\/v2\/users\/2"}],"replies":[{"embeddable":true,"href":"https:\/\/comtal.org\/es\/wp-json\/wp\/v2\/comments?post=10041"}],"version-history":[{"count":5,"href":"https:\/\/comtal.org\/es\/wp-json\/wp\/v2\/posts\/10041\/revisions"}],"predecessor-version":[{"id":10048,"href":"https:\/\/comtal.org\/es\/wp-json\/wp\/v2\/posts\/10041\/revisions\/10048"}],"wp:featuredmedia":[{"embeddable":true,"href":"https:\/\/comtal.org\/es\/wp-json\/wp\/v2\/media\/10042"}],"wp:attachment":[{"href":"https:\/\/comtal.org\/es\/wp-json\/wp\/v2\/media?parent=10041"}],"wp:term":[{"taxonomy":"category","embeddable":true,"href":"https:\/\/comtal.org\/es\/wp-json\/wp\/v2\/categories?post=10041"},{"taxonomy":"post_tag","embeddable":true,"href":"https:\/\/comtal.org\/es\/wp-json\/wp\/v2\/tags?post=10041"}],"curies":[{"name":"wp","href":"https:\/\/api.w.org\/{rel}","templated":true}]}}