{"id":10018,"date":"2015-07-02T11:40:52","date_gmt":"2015-07-02T11:40:52","guid":{"rendered":"https:\/\/comtal.org\/?p=10018"},"modified":"2015-07-02T11:53:14","modified_gmt":"2015-07-02T11:53:14","slug":"ganadores-del-primer-premio-civismo-y-de-voluntariado","status":"publish","type":"post","link":"https:\/\/comtal.org\/es\/ganadores-del-primer-premio-civismo-y-de-voluntariado\/","title":{"rendered":"GANADORES DEL PREMIO CIVISMO Y VOLUNTARIADO"},"content":{"rendered":"<p>Estamos profundamente emocionados y agradecidos.<\/p>\n<p><strong>Ayer recibimos el 1r Premio Jaume Ciurana a acciones c\u00edvicas juveniles en la modalidad \u00aba favor de las personas\u00bb<\/strong>, y que reconece el esfuerzo y la implicaci\u00f3n de los j\u00f3venes voluntarios de la Escola Solc en el proyecto\u00a0<strong>Celebremos la solidaridad<\/strong>\u00a0impulsado por la campa\u00f1a de Navidad. El director de la Escola Solc, Ramon Breu, y la directora de la Fundaci\u00f3 Comtal, Ana Mar\u00edn, recogieron el premio entregado por\u00a0la Honorable se\u00f1ora Neus Munt\u00e9, Vicepresidenta del Gobierno de la <em>Generalitat de Catalunya<\/em> y consellera de <em>Benestar Social i Fam\u00edlia<\/em>, y el Sr. Ramon Terrassa,\u00a0director general de<em> Acci\u00f3 C\u00edvica i Comunit\u00e0ria<\/em>.<\/p>\n<p>Estos premios promueven el civismo en la sociedad catalana des de diversos \u00e1mbitos de actuaci\u00f3n, y incluyen los <strong>Premios Civismo a los Medios de Comunicaci\u00f3n<\/strong>\u00a0y el <strong>Premio <em>Serrat i Moret<\/em><\/strong> para obras y trabajos sobre civismo en lengua catalana<strong>.\u00a0<\/strong>En esta edici\u00f3n y en\u00a0las diferentes modalidades los ganadores han sido: la\u00a0revista Estris de la Fundaci\u00f3 Pere Tarr\u00e9s, el programa\u00a0Latituds de TV3, el programa radiof\u00f3nico Sants3R\u00e0dio, la web 365batecs de la Obra Social Sant Joan de D\u00e9u y las obras \u00a0\u201cJust\u00edcia ciutadana. Per una just\u00edcia catalana\u201d, \u201c1 minut, un obstacle. Tots som vianants\u201d y \u201cLluitem contra la pobresa\u201d.\u00a0En los\u00a0<strong>Premios Jaume Ciurana<\/strong>\u00a0a favor de las personas, el 2n premio ha sido para \u201cVolintergeneration. Trencant barreres entre generacions i cultures\u201d, de la Asociaci\u00f3n la Rotllana.<\/p>\n<p><strong>Ayer tambi\u00e9n recibimos el Premio Voluntariado 2015, dotado con 10.000 \u20ac, para impulsar un plan que mejore la participaci\u00f3n de las personas voluntarias<\/strong> a la entidad a lo largo del a\u00f1o 2016. Los miembros del jurado del Premio Voluntariado, formado por el director general de <em>Acci\u00f3 C\u00edvica i Comunit\u00e0ria<\/em>, Sr. Ramon Terrassa, que lo preside, la Sra. Maria Assumpci\u00f3 Vil\u00e0, S\u00edndica de Barcelona y la Sra. Gemma Bonet, periodista, se reunieron el pasado 15 de junio y despu\u00e9s de valorar y puntuar los proyectos presentados (29 en total), acordaron que el proyecto ganador era \u201c<strong>Em sento b\u00e9, com a casa<\/strong>\u201d, presentado por la <strong>Fundaci\u00f3 Comtal<\/strong>. Gracias al reconocimiento podremos crear y dinamizar un espacio web que fomente la participaci\u00f3n activa de las personas voluntarias de la entidad.<\/p>\n<p>El acto de entrega de Premios que otorga cada a\u00f1o la <em><strong>direcci\u00f3 general d\u2019Acci\u00f3 C\u00edvica i Comunit\u00e0ria<\/strong> de la Generalitat de Catalunya<\/em> se ha realizado el dia 1 de julio por la tarde, en el Born Centre Cultural.<\/p>\n<p>Felicidades a todos los ganadores!\u00a0No os perd\u00e1is el <span style=\"color: #3366ff;\"><a style=\"color: #3366ff;\" href=\"https:\/\/www.flickr.com\/photos\/campanyatriaespai_fundaciocomtal\/sets\/72157655329683872\" target=\"_blank\" rel=\"noopener\">\u00e1lbum de fotos\u00a0del act<\/a>o.<\/span><\/p>\n","protected":false},"excerpt":{"rendered":"<p>Estamos profundamente emocionados y agradecidos. Ayer recibimos el 1r Premio Jaume Ciurana a acciones c\u00edvicas juveniles en la modalidad \u00aba favor de las personas\u00bb, y que reconece el esfuerzo y [&hellip;]<\/p>\n","protected":false},"author":2,"featured_media":10019,"comment_status":"closed","ping_status":"closed","sticky":false,"template":"","format":"standard","meta":{"footnotes":""},"categories":[22,23,24,25,19,42,28,30],"tags":[35,36,34,32],"class_list":["post-10018","post","type-post","status-publish","format-standard","has-post-thumbnail","hentry","category-colaboradores","category-comunidad","category-educacion","category-fundacioncomtal","category-general-es","category-reconeixements","category-solidaridad","category-voluntariado","tag-futur-es","tag-joves-es","tag-oportunitats-es","tag-participacio-es"],"_links":{"self":[{"href":"https:\/\/comtal.org\/es\/wp-json\/wp\/v2\/posts\/10018","targetHints":{"allow":["GET"]}}],"collection":[{"href":"https:\/\/comtal.org\/es\/wp-json\/wp\/v2\/posts"}],"about":[{"href":"https:\/\/comtal.org\/es\/wp-json\/wp\/v2\/types\/post"}],"author":[{"embeddable":true,"href":"https:\/\/comtal.org\/es\/wp-json\/wp\/v2\/users\/2"}],"replies":[{"embeddable":true,"href":"https:\/\/comtal.org\/es\/wp-json\/wp\/v2\/comments?post=10018"}],"version-history":[{"count":4,"href":"https:\/\/comtal.org\/es\/wp-json\/wp\/v2\/posts\/10018\/revisions"}],"predecessor-version":[{"id":10023,"href":"https:\/\/comtal.org\/es\/wp-json\/wp\/v2\/posts\/10018\/revisions\/10023"}],"wp:featuredmedia":[{"embeddable":true,"href":"https:\/\/comtal.org\/es\/wp-json\/wp\/v2\/media\/10019"}],"wp:attachment":[{"href":"https:\/\/comtal.org\/es\/wp-json\/wp\/v2\/media?parent=10018"}],"wp:term":[{"taxonomy":"category","embeddable":true,"href":"https:\/\/comtal.org\/es\/wp-json\/wp\/v2\/categories?post=10018"},{"taxonomy":"post_tag","embeddable":true,"href":"https:\/\/comtal.org\/es\/wp-json\/wp\/v2\/tags?post=10018"}],"curies":[{"name":"wp","href":"https:\/\/api.w.org\/{rel}","templated":true}]}}